{"id":11584,"date":"2015-03-16T11:12:27","date_gmt":"2015-03-16T10:12:27","guid":{"rendered":"http:\/\/aquasapiens.fr\/aqua\/?p=11584"},"modified":"2016-10-17T19:51:22","modified_gmt":"2016-10-17T18:51:22","slug":"diffusion-de-la-veritable-histoire-du-radeau-de-la-meduse","status":"publish","type":"post","link":"http:\/\/aquasapiens.fr\/aqua\/diffusion-de-la-veritable-histoire-du-radeau-de-la-meduse\/","title":{"rendered":"Diffusion de \u00ab\u00a0La v\u00e9ritable histoire du Radeau de la m\u00e9duse\u00a0\u00bb"},"content":{"rendered":"<p>\u00ab\u00a0La Machine\u2026 c\u2019est le nom qui fut donn\u00e9 en pleine tourmente au radeau de la Meduse par ceux qui eurent la triste tache de le construire et de le mettre \u00e0 l\u2019eau\u2026 148 marins et une femme s\u2019entass\u00e8rent de gr\u00e9 ou de force sur cette embarcation de fortune. 7 survivront.<br \/>\nNombreux sont ceux qui connaissent le magnifique et terrible tableau de Gericault. Mais qui conna\u00eet la veritable histoire qui se cache derri\u00e8re le tableau internationalement connu ?<br \/>\nA partir d\u2019une double enqu\u00eate, celle contemporaine d\u2019un historien passionn\u00e9, et celle pass\u00e9e que Gericault mena pour la r\u00e9alisation de son tableau, La Machine invite le spectateur \u00e0 red\u00e9couvrir pi\u00e8ce par pi\u00e8ce cette stup\u00e9fiante page de notre Histoire coloniale et maritime. Le radeau de la Meduse n\u2019est pas seulement un tableau. A la veille de sa 200eme comm\u00e9moration, il est temps de faire toute la lumi\u00e8re\u2026\u00a0\u00bb<\/p>\n<p><iframe src=\"https:\/\/player.vimeo.com\/video\/98334036?autoplay=1&#038;title=0&#038;byline=0&#038;portrait=0\" width=\"500\" height=\"281\" frameborder=\"0\" webkitallowfullscreen mozallowfullscreen allowfullscreen><\/iframe><\/p>\n<div id=\"fb-root\"><\/div>\n<p><script>(function(d, s, id) {  var js, fjs = d.getElementsByTagName(s)<div class=\"fusion-fullwidth fullwidth-box fusion-builder-row-1 hundred-percent-fullwidth non-hundred-percent-height-scrolling\" style=\"--awb-border-radius-top-left:0px;--awb-border-radius-top-right:0px;--awb-border-radius-bottom-right:0px;--awb-border-radius-bottom-left:0px;--awb-overflow:visible;--awb-flex-wrap:wrap;\" ><div class=\"fusion-builder-row fusion-row\"><div class=\"fusion-layout-column fusion_builder_column fusion-builder-column-0 fusion_builder_column_1_1 1_1 fusion-one-full fusion-column-first fusion-column-last fusion-column-no-min-height\" style=\"--awb-bg-size:cover;--awb-margin-bottom:0px;\"><div class=\"fusion-column-wrapper fusion-flex-column-wrapper-legacy\">[0];  if (d.getElementById(id)) return;  js = d.createElement(s); js.id = id;  js.src = \"\/\/connect.facebook.net\/fr_FR\/all.js#xfbml=1\";  fjs.parentNode.insertBefore(js, fjs);}(document, 'script', 'facebook-jssdk'));<\/script><\/p>\n<div class=\"fb-post\" data-href=\"https:\/\/www.facebook.com\/permalink.php?story_fbid=859631674078782&amp;id=160228027352487\" data-width=\"466\">\n<div class=\"fb-xfbml-parse-ignore\"><a href=\"https:\/\/www.facebook.com\/permalink.php?story_fbid=859631674078782&amp;id=160228027352487\">Publication<\/a> by <a href=\"https:\/\/www.facebook.com\/pages\/Aqua-Sapiens\/160228027352487\">Aqua Sapiens<\/a>.<\/div>\n<\/div>\n<div class=\"fusion-clearfix\"><\/div><\/div><\/div><\/div><\/div><\/p>\n","protected":false},"excerpt":{"rendered":"<p>\u00ab\u00a0La Machine\u2026 c\u2019est le nom qui fut donn\u00e9 en pleine tourmente au radeau de la Meduse par ceux qui eurent la triste tache de le construire et de le mettre \u00e0 l\u2019eau\u2026 148 marins et une femme s\u2019entass\u00e8rent de gr\u00e9 ou de force sur cette embarcation de fortune. 7 survivront. Nombreux sont ceux qui connaissent <a href=\"http:\/\/aquasapiens.fr\/aqua\/diffusion-de-la-veritable-histoire-du-radeau-de-la-meduse\/\"> [&#8230;]<\/a><\/p>\n","protected":false},"author":1,"featured_media":11585,"comment_status":"closed","ping_status":"open","sticky":false,"template":"","format":"standard","meta":{"footnotes":""},"categories":[1,5,3],"tags":[112],"class_list":["post-11584","post","type-post","status-publish","format-standard","has-post-thumbnail","hentry","category-non-classe","category-actualite-de-limage","category-image","tag-sebastien-thiebot-chiffoleau"],"_links":{"self":[{"href":"http:\/\/aquasapiens.fr\/aqua\/wp-json\/wp\/v2\/posts\/11584","targetHints":{"allow":["GET"]}}],"collection":[{"href":"http:\/\/aquasapiens.fr\/aqua\/wp-json\/wp\/v2\/posts"}],"about":[{"href":"http:\/\/aquasapiens.fr\/aqua\/wp-json\/wp\/v2\/types\/post"}],"author":[{"embeddable":true,"href":"http:\/\/aquasapiens.fr\/aqua\/wp-json\/wp\/v2\/users\/1"}],"replies":[{"embeddable":true,"href":"http:\/\/aquasapiens.fr\/aqua\/wp-json\/wp\/v2\/comments?post=11584"}],"version-history":[{"count":4,"href":"http:\/\/aquasapiens.fr\/aqua\/wp-json\/wp\/v2\/posts\/11584\/revisions"}],"predecessor-version":[{"id":11870,"href":"http:\/\/aquasapiens.fr\/aqua\/wp-json\/wp\/v2\/posts\/11584\/revisions\/11870"}],"wp:featuredmedia":[{"embeddable":true,"href":"http:\/\/aquasapiens.fr\/aqua\/wp-json\/wp\/v2\/media\/11585"}],"wp:attachment":[{"href":"http:\/\/aquasapiens.fr\/aqua\/wp-json\/wp\/v2\/media?parent=11584"}],"wp:term":[{"taxonomy":"category","embeddable":true,"href":"http:\/\/aquasapiens.fr\/aqua\/wp-json\/wp\/v2\/categories?post=11584"},{"taxonomy":"post_tag","embeddable":true,"href":"http:\/\/aquasapiens.fr\/aqua\/wp-json\/wp\/v2\/tags?post=11584"}],"curies":[{"name":"wp","href":"https:\/\/api.w.org\/{rel}","templated":true}]}}