{"id":11626,"date":"2015-06-16T19:44:21","date_gmt":"2015-06-16T18:44:21","guid":{"rendered":"http:\/\/aquasapiens.fr\/aqua\/?p=11626"},"modified":"2016-10-17T19:51:18","modified_gmt":"2016-10-17T18:51:18","slug":"les-phares-en-mer","status":"publish","type":"post","link":"http:\/\/aquasapiens.fr\/aqua\/les-phares-en-mer\/","title":{"rendered":"Les phares en mer"},"content":{"rendered":"<p>Ca y est! Le tournage du 110 minutes sur les phares pour les 40 ans de Thalassa est termin\u00e9. Un mois et demi de tournage. L&rsquo;un des moments fort v\u00e9cu avec Herl\u00e9 Jouon, grand r\u00e9alisateur et Emanuel Lepage, grand dessinateur, fut l&rsquo;h\u00e9litreuillage sur le mythique phare d&rsquo;Armen au large de l&rsquo;\u00eele de Sein. Il a eu la rencontre avec tous ces grands photographes que sont Jean Gaumy, Bernard Rubinstein ou Jean Guichard. On se souviendra aussi des tournages en 4K de nuit pour enfin pouvoir filmer les phares \u00ab\u00a0allum\u00e9s\u00a0\u00bb en Iroise et en Corse. La diffusion de cette \u00e9mission sp\u00e9ciale est pr\u00e9vue pour la fin de l&rsquo;ann\u00e9e.<\/p>\n<p>&nbsp;<\/p>\n<div class=\"fusion-fullwidth fullwidth-box fusion-builder-row-1 hundred-percent-fullwidth non-hundred-percent-height-scrolling\" style=\"--awb-border-radius-top-left:0px;--awb-border-radius-top-right:0px;--awb-border-radius-bottom-right:0px;--awb-border-radius-bottom-left:0px;--awb-overflow:visible;--awb-flex-wrap:wrap;\" ><div class=\"fusion-builder-row fusion-row\"><div class=\"fusion-layout-column fusion_builder_column fusion-builder-column-0 fusion_builder_column_1_1 1_1 fusion-one-full fusion-column-first fusion-column-last fusion-column-no-min-height\" style=\"--awb-bg-size:cover;--awb-margin-bottom:0px;\"><div class=\"fusion-column-wrapper fusion-flex-column-wrapper-legacy\"><div class=\"fusion-image-element in-legacy-container\" style=\"--awb-caption-title-font-family:var(--h2_typography-font-family);--awb-caption-title-font-weight:var(--h2_typography-font-weight);--awb-caption-title-font-style:var(--h2_typography-font-style);--awb-caption-title-size:var(--h2_typography-font-size);--awb-caption-title-transform:var(--h2_typography-text-transform);--awb-caption-title-line-height:var(--h2_typography-line-height);--awb-caption-title-letter-spacing:var(--h2_typography-letter-spacing);\"><span class=\" fusion-imageframe imageframe-dropshadow imageframe-1 hover-type-none\" style=\"-webkit-box-shadow: 3px 3px 7px rgba(0,0,0,0.3);box-shadow: 3px 3px 7px rgba(0,0,0,0.3);\"><img decoding=\"async\" src=\"http:\/\/aquasapiens.fr\/aqua\/wp-content\/uploads\/2015\/06\/FullSizeRender-3-902x1024.jpg\" alt class=\"img-responsive\"\/><\/span><\/div><div class=\"fusion-clearfix\"><\/div><\/div><\/div><\/div><\/div>\n","protected":false},"excerpt":{"rendered":"<p>Ca y est! Le tournage du 110 minutes sur les phares pour les 40 ans de Thalassa est termin\u00e9. Un mois et demi de tournage. L&rsquo;un des moments fort v\u00e9cu avec Herl\u00e9 Jouon, grand r\u00e9alisateur et Emanuel Lepage, grand dessinateur, fut l&rsquo;h\u00e9litreuillage sur le mythique phare d&rsquo;Armen au large de l&rsquo;\u00eele de Sein. Il a <a href=\"http:\/\/aquasapiens.fr\/aqua\/les-phares-en-mer\/\"> [&#8230;]<\/a><\/p>\n","protected":false},"author":1,"featured_media":11627,"comment_status":"closed","ping_status":"open","sticky":false,"template":"","format":"standard","meta":{"footnotes":""},"categories":[5,86,3],"tags":[112],"class_list":["post-11626","post","type-post","status-publish","format-standard","has-post-thumbnail","hentry","category-actualite-de-limage","category-en-tournage","category-image","tag-sebastien-thiebot-chiffoleau"],"_links":{"self":[{"href":"http:\/\/aquasapiens.fr\/aqua\/wp-json\/wp\/v2\/posts\/11626","targetHints":{"allow":["GET"]}}],"collection":[{"href":"http:\/\/aquasapiens.fr\/aqua\/wp-json\/wp\/v2\/posts"}],"about":[{"href":"http:\/\/aquasapiens.fr\/aqua\/wp-json\/wp\/v2\/types\/post"}],"author":[{"embeddable":true,"href":"http:\/\/aquasapiens.fr\/aqua\/wp-json\/wp\/v2\/users\/1"}],"replies":[{"embeddable":true,"href":"http:\/\/aquasapiens.fr\/aqua\/wp-json\/wp\/v2\/comments?post=11626"}],"version-history":[{"count":5,"href":"http:\/\/aquasapiens.fr\/aqua\/wp-json\/wp\/v2\/posts\/11626\/revisions"}],"predecessor-version":[{"id":11869,"href":"http:\/\/aquasapiens.fr\/aqua\/wp-json\/wp\/v2\/posts\/11626\/revisions\/11869"}],"wp:featuredmedia":[{"embeddable":true,"href":"http:\/\/aquasapiens.fr\/aqua\/wp-json\/wp\/v2\/media\/11627"}],"wp:attachment":[{"href":"http:\/\/aquasapiens.fr\/aqua\/wp-json\/wp\/v2\/media?parent=11626"}],"wp:term":[{"taxonomy":"category","embeddable":true,"href":"http:\/\/aquasapiens.fr\/aqua\/wp-json\/wp\/v2\/categories?post=11626"},{"taxonomy":"post_tag","embeddable":true,"href":"http:\/\/aquasapiens.fr\/aqua\/wp-json\/wp\/v2\/tags?post=11626"}],"curies":[{"name":"wp","href":"https:\/\/api.w.org\/{rel}","templated":true}]}}